{"provider_url": "https://www.macapa.ap.leg.br", "title": "Nota de Pesar", "html": "<div class=\"text_exposed_root text_exposed\" id=\"id_5b7c12e1273508185569766\">\r\n<p>Nota de Pesar\u00a0<br />\u00c9 com pesar e profunda consterna\u00e7\u00e3o que a C\u00e2mara Municipal de Macap\u00e1 (CMM) recebeu a not\u00edcia do falecimento da policial militar Emilly Karine de Miranda Monteiro, ocorrido neste domingo, 12, v\u00edtima de assassinato.</p>\r\n<p>Os vereadores se solidarizam com os familiares e amigos de Emilly Karine de Miranda. Os parlamentares tamb\u00e9m se solidarizam com a institui\u00e7\u00e3o Pol\u00edcia Militar do Amap\u00e1, que perde uma profissional que era dedicada e compromissada com os deveres da corp<span class=\"text_exposed_show\">ora\u00e7\u00e3o.</span></p>\r\n<div class=\"text_exposed_show\">\r\n<p>Emilly Karine era lotada no Batalh\u00e3o de Policiamento Rodovi\u00e1rio Estadual (BPRE).</p>\r\n<p>Vereador Ac\u00e1cio Favacho<br />Presidente da C\u00e2mara Municipal de Macap\u00e1</p>\r\n</div>\r\n</div>\r\n<div class=\"_3x-2\" data-ft=\"{&quot;tn&quot;:&quot;H&quot;}\">\r\n<div data-ft=\"{&quot;tn&quot;:&quot;H&quot;}\">\r\n<div class=\"mtm\">\r\n<div>\r\n<div class=\"_5cq3 _1ktf\" data-ft=\"{&quot;tn&quot;:&quot;E&quot;}\"><a class=\"_4-eo _2t9n\" href=\"https://www.facebook.com/camaramunicipaldemacapa/photos/a.1076987969011647/1971607466216355/?type=3\" rel=\"theater\" data-ploi=\"https://scontent.fmcp1-1.fna.fbcdn.net/v/t1.0-9/39062195_1971607469549688_1973590880430325760_n.jpg?_nc_cat=0&amp;oh=e0eba1c422686fcddfe82faeb35f3714&amp;oe=5BEE6212\" data-render-location=\"homepage_stream\"></a></div>\r\n</div>\r\n</div>\r\n</div>\r\n</div>", "author_name": "danielle.duarte", "version": "1.0", "author_url": "https://www.macapa.ap.leg.br/author/danielle.duarte", "provider_name": "C\u00e2mara Municipal de Macap\u00e1", "type": "rich"}