{"provider_url": "https://www.macapa.ap.leg.br", "title": "Nota de Esclarecimento", "html": "<p>O presidente da C\u00e2mara Municipal de Macap\u00e1 vem a p\u00fablico esclarecer declara\u00e7\u00f5es recentemente divulgadas de forma descontextualizada, nas quais teria mencionado a advogada Amanda Figueiredo, conselheira federal da OAB/AP, e que motivaram debates na seccional da Ordem.</p>\r\n<p>Em primeiro lugar, reafirmo meu profundo respeito e apre\u00e7o pela Dra. Amanda Figueiredo, profissional reconhecida pela sua compet\u00eancia e atua\u00e7\u00e3o \u00e9tica, bem como pela Ordem dos Advogados do Brasil, institui\u00e7\u00e3o indispens\u00e1vel \u00e0 defesa da democracia, do Estado de Direito e das prerrogativas da advocacia.</p>\r\n<p>A fala em quest\u00e3o ocorreu no contexto de debates jur\u00eddicos travados entre a C\u00e2mara Municipal e a Prefeitura de Macap\u00e1, nos quais a conselheira atuava como assessora jur\u00eddica. Em momento algum houve inten\u00e7\u00e3o de ofender, desrespeitar ou amea\u00e7ar a advogada. A express\u00e3o utilizada, de natureza meramente coloquial e ret\u00f3rica, foi tirada de contexto e n\u00e3o representa o esp\u00edrito de di\u00e1logo e respeito que sempre pautou minha rela\u00e7\u00e3o com os profissionais do Direito e com todas as institui\u00e7\u00f5es p\u00fablicas.</p>\r\n<p>Como presidente do Legislativo Municipal, reafirmo meu compromisso com o respeito institucional, o di\u00e1logo democr\u00e1tico e a valoriza\u00e7\u00e3o da advocacia, que tem sido parceira essencial na constru\u00e7\u00e3o de uma gest\u00e3o transparente e respons\u00e1vel.</p>\r\n<p>Ademais, a grande demonstra\u00e7\u00e3o de respeito \u00e0s mulheres \u00e9 o apoio un\u00e2nime das vereadoras a esta gest\u00e3o e nossa inten\u00e7\u00e3o em garantir na pr\u00f3xima elei\u00e7\u00e3o da Mesa Diretora a paridade de g\u00eanero na condu\u00e7\u00e3o desta casa.</p>\r\n<p>Macap\u00e1, 13 de outubro de 2025.</p>\r\n<p>Ver. Pedro DaLua<br />Presidente da C\u00e2mara Municipal de Macap\u00e1</p>\r\n<p>\u00a0</p>\r\n<p>Texto e foto: Secom CMM.</p>", "author_name": "", "version": "1.0", "author_url": "https://www.macapa.ap.leg.br/author/secom", "provider_name": "C\u00e2mara Municipal de Macap\u00e1", "type": "rich"}