{"provider_url": "https://www.macapa.ap.leg.br", "title": "C\u00e2mara de Vereadores entra em recesso", "html": "<div class=\"_5pbx userContent\" id=\"js_2d0\" data-ft=\"{&quot;tn&quot;:&quot;K&quot;}\">\r\n<p style=\"text-align: justify; \"><span>Cumprindo o Regimento Interno, a C\u00e2mara Municipal de Macap\u00e1 (CMM) entra em Recesso Parlamentar do dia 12 at\u00e9 o dia 30 de julho de 2017 . Durante o recesso parlamentar, o expediente na C\u00e2mara de Macap\u00e1, ser\u00e1 de 7H30 \u00e0s 13h30 para o funcionamento dos trabalhos administrativos e do protocolo desta Casa de Leis.</span></p>\r\n</div>\r\n<div class=\"_3x-2\">\r\n<div data-ft=\"{&quot;tn&quot;:&quot;H&quot;}\">\r\n<div class=\"mtm\">\r\n<div class=\"_5cq3\" data-ft=\"{&quot;tn&quot;:&quot;E&quot;}\"><a class=\"_4-eo _2t9n\" href=\"https://www.facebook.com/camaramunicipaldemacapa/photos/a.579519095425206.1073741826.579512672092515/1548121911898248/?type=3\" rel=\"theater\" data-ploi=\"https://scontent.fgig1-1.fna.fbcdn.net/v/t31.0-8/19956968_1548121911898248_5661014789239968443_o.jpg?oh=a2d072d68ed694d8f225b6240fc0bfe1&amp;oe=5A0A7C92\" data-render-location=\"homepage_stream\" data-testid=\"theater_link\"></a></div>\r\n</div>\r\n</div>\r\n</div>", "author_name": "danielle.duarte", "version": "1.0", "author_url": "https://www.macapa.ap.leg.br/author/danielle.duarte", "provider_name": "C\u00e2mara Municipal de Macap\u00e1", "type": "rich"}